{"id":5546,"date":"2021-08-01T15:18:55","date_gmt":"2021-08-01T13:18:55","guid":{"rendered":"https:\/\/dev.aipem.it\/montenero\/2021\/07\/29\/es-news-di-prova\/"},"modified":"2025-07-02T16:24:48","modified_gmt":"2025-07-02T14:24:48","slug":"novedad-herramientas-para-paneles-aglomerados","status":"publish","type":"post","link":"https:\/\/www.monteneroutensili.com\/es\/2021\/08\/01\/novedad-herramientas-para-paneles-aglomerados\/","title":{"rendered":"Novedad: herramientas para paneles aglomerados"},"content":{"rendered":"\t\t<div data-elementor-type=\"wp-post\" data-elementor-id=\"5546\" class=\"elementor elementor-5546 elementor-139\" data-elementor-post-type=\"post\">\n\t\t\t\t\t\t<section class=\"elementor-section elementor-top-section elementor-element elementor-element-64da86f elementor-section-boxed elementor-section-height-default elementor-section-height-default\" data-id=\"64da86f\" data-element_type=\"section\">\n\t\t\t\t\t\t<div class=\"elementor-container elementor-column-gap-default\">\n\t\t\t\t\t<div class=\"elementor-column elementor-col-50 elementor-top-column elementor-element elementor-element-205ec6f\" data-id=\"205ec6f\" data-element_type=\"column\">\n\t\t\t<div class=\"elementor-widget-wrap elementor-element-populated\">\n\t\t\t\t\t\t<div class=\"elementor-element elementor-element-cc25bdc elementor-widget elementor-widget-image\" data-id=\"cc25bdc\" data-element_type=\"widget\" data-widget_type=\"image.default\">\n\t\t\t\t<div class=\"elementor-widget-container\">\n\t\t\t\t\t\t\t\t\t\t\t\t\t\t\t<img fetchpriority=\"high\" decoding=\"async\" width=\"800\" height=\"600\" src=\"https:\/\/www.monteneroutensili.com\/wp-content\/uploads\/2021\/08\/News-utensili-2.jpg\" class=\"attachment-large size-large wp-image-5671\" alt=\"\" srcset=\"https:\/\/www.monteneroutensili.com\/wp-content\/uploads\/2021\/08\/News-utensili-2.jpg 800w, https:\/\/www.monteneroutensili.com\/wp-content\/uploads\/2021\/08\/News-utensili-2-300x225.jpg 300w, https:\/\/www.monteneroutensili.com\/wp-content\/uploads\/2021\/08\/News-utensili-2-768x576.jpg 768w\" sizes=\"(max-width: 800px) 100vw, 800px\" \/>\t\t\t\t\t\t\t\t\t\t\t\t\t\t\t<\/div>\n\t\t\t\t<\/div>\n\t\t\t\t\t<\/div>\n\t\t<\/div>\n\t\t\t\t<div class=\"elementor-column elementor-col-50 elementor-top-column elementor-element elementor-element-c1dc87a\" data-id=\"c1dc87a\" data-element_type=\"column\">\n\t\t\t<div class=\"elementor-widget-wrap elementor-element-populated\">\n\t\t\t\t\t\t<div class=\"elementor-element elementor-element-d97114b elementor-widget elementor-widget-text-editor\" data-id=\"d97114b\" data-element_type=\"widget\" data-widget_type=\"text-editor.default\">\n\t\t\t\t<div class=\"elementor-widget-container\">\n\t\t\t\t\t\t\t\t\t<div class=\"elementor elementor-1399 elementor-location-single post-5543 post type-post status-publish format-standard has-post-thumbnail hentry category-sin-categorizar\" data-elementor-type=\"single-page\" data-elementor-id=\"1399\" data-elementor-settings=\"[]\">\n<div class=\"elementor-section-wrap\">\n<section class=\"elementor-section elementor-top-section elementor-element elementor-element-480b7e6 elementor-section-boxed elementor-section-height-default elementor-section-height-default\" data-id=\"480b7e6\" data-element_type=\"section\">\n<div class=\"elementor-container elementor-column-gap-default\">\n<div class=\"elementor-column elementor-col-100 elementor-top-column elementor-element elementor-element-13132d9\" data-id=\"13132d9\" data-element_type=\"column\">\n<div class=\"elementor-widget-wrap elementor-element-populated\">\n<div class=\"elementor-element elementor-element-45bf195 elementor-widget elementor-widget-theme-post-content\" data-id=\"45bf195\" data-element_type=\"widget\" data-widget_type=\"theme-post-content.default\">\n<div class=\"elementor-widget-container\">\n<div class=\"elementor elementor-5543 elementor-1395\" data-elementor-type=\"wp-post\" data-elementor-id=\"5543\" data-elementor-settings=\"[]\">\n<div class=\"elementor-section-wrap\">\n<section class=\"elementor-section elementor-top-section elementor-element elementor-element-14b33d64 elementor-section-boxed elementor-section-height-default elementor-section-height-default\" data-id=\"14b33d64\" data-element_type=\"section\">\n<div class=\"elementor-container elementor-column-gap-default\">\n<div class=\"elementor-column elementor-col-100 elementor-top-column elementor-element elementor-element-2dd0ed0e\" data-id=\"2dd0ed0e\" data-element_type=\"column\">\n<div class=\"elementor-widget-wrap elementor-element-populated\">\n<div class=\"elementor-element elementor-element-498e2098 elementor-widget elementor-widget-text-editor\" data-id=\"498e2098\" data-element_type=\"widget\" data-widget_type=\"text-editor.default\">\n<div class=\"elementor-widget-container\">\n<p>En los \u00faltimos meses, Montenero ha acometido un importante proyecto de rebranding, en colaboraci\u00f3n con la agencia de marketing y comunicaci\u00f3n Aipem, para dotarse de las nuevas herramientas necesarias para afrontar la complejidad de un mercado nacional e internacional en constante evoluci\u00f3n.<\/p>\n<p>Un an\u00e1lisis en profundidad del mercado de referencia y sus tendencias sent\u00f3 las bases para la posterior intervenci\u00f3n estrat\u00e9gico-creativa sobre el posicionamiento e imagen de Montenero, con el desarrollo de un nuevo y exclusivo concepto de comunicaci\u00f3n.<\/p>\n<p>A partir de esto, se ha desarrollado un camino para la renovaci\u00f3n completa de la identidad institucional de Montenero: desde la marca \/ logo, a la imagen coordinada hasta el perfil de la empresa.<\/p>\n<p>La definici\u00f3n de estas herramientas fue seguida por la creaci\u00f3n de la nueva web de Montenero, transform\u00e1ndola de un simple escaparate a una herramienta promocional de apoyo a las actividades comerciales.<\/p>\n<p>Una serie de pasos importantes capaces de acompa\u00f1ar mejor el reposicionamiento de Montenero, empresa fundada como empresa artesanal en los a\u00f1os setenta y que hoy, de hecho, se presenta como una realidad industrial que se ha convertido en un referente en el mercado nacional e internacional de herramientas para el procesamiento de madera, pl\u00e1stico y metales no ferrosos.<\/p>\n<\/div>\n<p><\/div>\n<p><\/div>\n<p><\/div>\n<p><\/div>\n<p><\/section>\n<\/div>\n<p><\/div>\n<p><\/div>\n<p><\/div>\n<p><\/div>\n<p><\/div>\n<p><\/div>\n<p><\/section>\n<\/div>\n<p><\/div>\n\t\t\t\t\t\t\t\t<\/div>\n\t\t\t\t<\/div>\n\t\t\t\t\t<\/div>\n\t\t<\/div>\n\t\t\t\t\t<\/div>\n\t\t<\/section>\n\t\t\t\t<\/div>\n\t\t","protected":false},"excerpt":{"rendered":"<p>En los \u00faltimos meses, Montenero ha acometido un importante proyecto de rebranding, en colaboraci\u00f3n con la agencia de marketing y comunicaci\u00f3n Aipem, para dotarse de las nuevas herramientas necesarias para afrontar la complejidad de un mercado nacional e internacional en constante evoluci\u00f3n. Un an\u00e1lisis en profundidad del mercado de referencia y sus tendencias sent\u00f3 las [&hellip;]<\/p>\n","protected":false},"author":4,"featured_media":5671,"comment_status":"open","ping_status":"closed","sticky":false,"template":"","format":"standard","meta":{"_acf_changed":false,"footnotes":""},"categories":[67,18],"tags":[],"class_list":["post-5546","post","type-post","status-publish","format-standard","has-post-thumbnail","hentry","category-in-evidenza-es","category-sin-categorizar"],"acf":[],"yoast_head":"<!-- This site is optimized with the Yoast SEO plugin v25.2 - https:\/\/yoast.com\/wordpress\/plugins\/seo\/ -->\n<title>Novedad: herramientas para paneles aglomerados - Montenero<\/title>\n<meta name=\"robots\" content=\"index, follow, max-snippet:-1, max-image-preview:large, max-video-preview:-1\" \/>\n<link rel=\"canonical\" href=\"https:\/\/www.monteneroutensili.com\/es\/2021\/08\/01\/novedad-herramientas-para-paneles-aglomerados\/\" \/>\n<meta property=\"og:locale\" content=\"es_ES\" \/>\n<meta property=\"og:type\" content=\"article\" \/>\n<meta property=\"og:title\" content=\"Novedad: herramientas para paneles aglomerados - Montenero\" \/>\n<meta property=\"og:description\" content=\"En los \u00faltimos meses, Montenero ha acometido un importante proyecto de rebranding, en colaboraci\u00f3n con la agencia de marketing y comunicaci\u00f3n Aipem, para dotarse de las nuevas herramientas necesarias para afrontar la complejidad de un mercado nacional e internacional en constante evoluci\u00f3n. Un an\u00e1lisis en profundidad del mercado de referencia y sus tendencias sent\u00f3 las [&hellip;]\" \/>\n<meta property=\"og:url\" content=\"https:\/\/www.monteneroutensili.com\/es\/2021\/08\/01\/novedad-herramientas-para-paneles-aglomerados\/\" \/>\n<meta property=\"og:site_name\" content=\"Montenero\" \/>\n<meta property=\"article:published_time\" content=\"2021-08-01T13:18:55+00:00\" \/>\n<meta property=\"article:modified_time\" content=\"2025-07-02T14:24:48+00:00\" \/>\n<meta property=\"og:image\" content=\"https:\/\/www.monteneroutensili.com\/wp-content\/uploads\/2021\/08\/News-utensili-2.jpg\" \/>\n\t<meta property=\"og:image:width\" content=\"800\" \/>\n\t<meta property=\"og:image:height\" content=\"600\" \/>\n\t<meta property=\"og:image:type\" content=\"image\/jpeg\" \/>\n<meta name=\"author\" content=\"Andrea Pascottini\" \/>\n<meta name=\"twitter:card\" content=\"summary_large_image\" \/>\n<meta name=\"twitter:label1\" content=\"Escrito por\" \/>\n\t<meta name=\"twitter:data1\" content=\"Andrea Pascottini\" \/>\n\t<meta name=\"twitter:label2\" content=\"Tiempo de lectura\" \/>\n\t<meta name=\"twitter:data2\" content=\"1 minuto\" \/>\n<script type=\"application\/ld+json\" class=\"yoast-schema-graph\">{\"@context\":\"https:\/\/schema.org\",\"@graph\":[{\"@type\":\"Article\",\"@id\":\"https:\/\/www.monteneroutensili.com\/es\/2021\/08\/01\/novedad-herramientas-para-paneles-aglomerados\/#article\",\"isPartOf\":{\"@id\":\"https:\/\/www.monteneroutensili.com\/es\/2021\/08\/01\/novedad-herramientas-para-paneles-aglomerados\/\"},\"author\":{\"name\":\"Andrea Pascottini\",\"@id\":\"https:\/\/www.monteneroutensili.com\/es\/#\/schema\/person\/a8ef714031d83c2071492e52eab136b5\"},\"headline\":\"Novedad: herramientas para paneles aglomerados\",\"datePublished\":\"2021-08-01T13:18:55+00:00\",\"dateModified\":\"2025-07-02T14:24:48+00:00\",\"mainEntityOfPage\":{\"@id\":\"https:\/\/www.monteneroutensili.com\/es\/2021\/08\/01\/novedad-herramientas-para-paneles-aglomerados\/\"},\"wordCount\":220,\"commentCount\":0,\"publisher\":{\"@id\":\"https:\/\/www.monteneroutensili.com\/es\/#organization\"},\"image\":{\"@id\":\"https:\/\/www.monteneroutensili.com\/es\/2021\/08\/01\/novedad-herramientas-para-paneles-aglomerados\/#primaryimage\"},\"thumbnailUrl\":\"https:\/\/www.monteneroutensili.com\/wp-content\/uploads\/2021\/08\/News-utensili-2.jpg\",\"articleSection\":[\"In evidenza\",\"Sin categorizar\"],\"inLanguage\":\"es\",\"potentialAction\":[{\"@type\":\"CommentAction\",\"name\":\"Comment\",\"target\":[\"https:\/\/www.monteneroutensili.com\/es\/2021\/08\/01\/novedad-herramientas-para-paneles-aglomerados\/#respond\"]}]},{\"@type\":\"WebPage\",\"@id\":\"https:\/\/www.monteneroutensili.com\/es\/2021\/08\/01\/novedad-herramientas-para-paneles-aglomerados\/\",\"url\":\"https:\/\/www.monteneroutensili.com\/es\/2021\/08\/01\/novedad-herramientas-para-paneles-aglomerados\/\",\"name\":\"Novedad: herramientas para paneles aglomerados - Montenero\",\"isPartOf\":{\"@id\":\"https:\/\/www.monteneroutensili.com\/es\/#website\"},\"primaryImageOfPage\":{\"@id\":\"https:\/\/www.monteneroutensili.com\/es\/2021\/08\/01\/novedad-herramientas-para-paneles-aglomerados\/#primaryimage\"},\"image\":{\"@id\":\"https:\/\/www.monteneroutensili.com\/es\/2021\/08\/01\/novedad-herramientas-para-paneles-aglomerados\/#primaryimage\"},\"thumbnailUrl\":\"https:\/\/www.monteneroutensili.com\/wp-content\/uploads\/2021\/08\/News-utensili-2.jpg\",\"datePublished\":\"2021-08-01T13:18:55+00:00\",\"dateModified\":\"2025-07-02T14:24:48+00:00\",\"breadcrumb\":{\"@id\":\"https:\/\/www.monteneroutensili.com\/es\/2021\/08\/01\/novedad-herramientas-para-paneles-aglomerados\/#breadcrumb\"},\"inLanguage\":\"es\",\"potentialAction\":[{\"@type\":\"ReadAction\",\"target\":[\"https:\/\/www.monteneroutensili.com\/es\/2021\/08\/01\/novedad-herramientas-para-paneles-aglomerados\/\"]}]},{\"@type\":\"ImageObject\",\"inLanguage\":\"es\",\"@id\":\"https:\/\/www.monteneroutensili.com\/es\/2021\/08\/01\/novedad-herramientas-para-paneles-aglomerados\/#primaryimage\",\"url\":\"https:\/\/www.monteneroutensili.com\/wp-content\/uploads\/2021\/08\/News-utensili-2.jpg\",\"contentUrl\":\"https:\/\/www.monteneroutensili.com\/wp-content\/uploads\/2021\/08\/News-utensili-2.jpg\",\"width\":800,\"height\":600},{\"@type\":\"BreadcrumbList\",\"@id\":\"https:\/\/www.monteneroutensili.com\/es\/2021\/08\/01\/novedad-herramientas-para-paneles-aglomerados\/#breadcrumb\",\"itemListElement\":[{\"@type\":\"ListItem\",\"position\":1,\"name\":\"Home\",\"item\":\"https:\/\/www.monteneroutensili.com\/es\/\"},{\"@type\":\"ListItem\",\"position\":2,\"name\":\"Novedad: herramientas para paneles aglomerados\"}]},{\"@type\":\"WebSite\",\"@id\":\"https:\/\/www.monteneroutensili.com\/es\/#website\",\"url\":\"https:\/\/www.monteneroutensili.com\/es\/\",\"name\":\"Montenero\",\"description\":\"Woodworking tools\",\"publisher\":{\"@id\":\"https:\/\/www.monteneroutensili.com\/es\/#organization\"},\"potentialAction\":[{\"@type\":\"SearchAction\",\"target\":{\"@type\":\"EntryPoint\",\"urlTemplate\":\"https:\/\/www.monteneroutensili.com\/es\/?s={search_term_string}\"},\"query-input\":{\"@type\":\"PropertyValueSpecification\",\"valueRequired\":true,\"valueName\":\"search_term_string\"}}],\"inLanguage\":\"es\"},{\"@type\":\"Organization\",\"@id\":\"https:\/\/www.monteneroutensili.com\/es\/#organization\",\"name\":\"Montenero\",\"url\":\"https:\/\/www.monteneroutensili.com\/es\/\",\"logo\":{\"@type\":\"ImageObject\",\"inLanguage\":\"es\",\"@id\":\"https:\/\/www.monteneroutensili.com\/es\/#\/schema\/logo\/image\/\",\"url\":\"https:\/\/www.monteneroutensili.com\/wp-content\/uploads\/2021\/04\/logo_montenero_white.svg\",\"contentUrl\":\"https:\/\/www.monteneroutensili.com\/wp-content\/uploads\/2021\/04\/logo_montenero_white.svg\",\"caption\":\"Montenero\"},\"image\":{\"@id\":\"https:\/\/www.monteneroutensili.com\/es\/#\/schema\/logo\/image\/\"}},{\"@type\":\"Person\",\"@id\":\"https:\/\/www.monteneroutensili.com\/es\/#\/schema\/person\/a8ef714031d83c2071492e52eab136b5\",\"name\":\"Andrea Pascottini\",\"image\":{\"@type\":\"ImageObject\",\"inLanguage\":\"es\",\"@id\":\"https:\/\/www.monteneroutensili.com\/es\/#\/schema\/person\/image\/\",\"url\":\"https:\/\/secure.gravatar.com\/avatar\/93fcb295254da0efca6ce69ed0588c49fdba9f5d7e889cb1f3c30d96d029b89d?s=96&d=mm&r=g\",\"contentUrl\":\"https:\/\/secure.gravatar.com\/avatar\/93fcb295254da0efca6ce69ed0588c49fdba9f5d7e889cb1f3c30d96d029b89d?s=96&d=mm&r=g\",\"caption\":\"Andrea Pascottini\"},\"url\":\"https:\/\/www.monteneroutensili.com\/es\/author\/aipem25\/\"}]}<\/script>\n<!-- \/ Yoast SEO plugin. -->","yoast_head_json":{"title":"Novedad: herramientas para paneles aglomerados - Montenero","robots":{"index":"index","follow":"follow","max-snippet":"max-snippet:-1","max-image-preview":"max-image-preview:large","max-video-preview":"max-video-preview:-1"},"canonical":"https:\/\/www.monteneroutensili.com\/es\/2021\/08\/01\/novedad-herramientas-para-paneles-aglomerados\/","og_locale":"es_ES","og_type":"article","og_title":"Novedad: herramientas para paneles aglomerados - Montenero","og_description":"En los \u00faltimos meses, Montenero ha acometido un importante proyecto de rebranding, en colaboraci\u00f3n con la agencia de marketing y comunicaci\u00f3n Aipem, para dotarse de las nuevas herramientas necesarias para afrontar la complejidad de un mercado nacional e internacional en constante evoluci\u00f3n. Un an\u00e1lisis en profundidad del mercado de referencia y sus tendencias sent\u00f3 las [&hellip;]","og_url":"https:\/\/www.monteneroutensili.com\/es\/2021\/08\/01\/novedad-herramientas-para-paneles-aglomerados\/","og_site_name":"Montenero","article_published_time":"2021-08-01T13:18:55+00:00","article_modified_time":"2025-07-02T14:24:48+00:00","og_image":[{"width":800,"height":600,"url":"https:\/\/www.monteneroutensili.com\/wp-content\/uploads\/2021\/08\/News-utensili-2.jpg","type":"image\/jpeg"}],"author":"Andrea Pascottini","twitter_card":"summary_large_image","twitter_misc":{"Escrito por":"Andrea Pascottini","Tiempo de lectura":"1 minuto"},"schema":{"@context":"https:\/\/schema.org","@graph":[{"@type":"Article","@id":"https:\/\/www.monteneroutensili.com\/es\/2021\/08\/01\/novedad-herramientas-para-paneles-aglomerados\/#article","isPartOf":{"@id":"https:\/\/www.monteneroutensili.com\/es\/2021\/08\/01\/novedad-herramientas-para-paneles-aglomerados\/"},"author":{"name":"Andrea Pascottini","@id":"https:\/\/www.monteneroutensili.com\/es\/#\/schema\/person\/a8ef714031d83c2071492e52eab136b5"},"headline":"Novedad: herramientas para paneles aglomerados","datePublished":"2021-08-01T13:18:55+00:00","dateModified":"2025-07-02T14:24:48+00:00","mainEntityOfPage":{"@id":"https:\/\/www.monteneroutensili.com\/es\/2021\/08\/01\/novedad-herramientas-para-paneles-aglomerados\/"},"wordCount":220,"commentCount":0,"publisher":{"@id":"https:\/\/www.monteneroutensili.com\/es\/#organization"},"image":{"@id":"https:\/\/www.monteneroutensili.com\/es\/2021\/08\/01\/novedad-herramientas-para-paneles-aglomerados\/#primaryimage"},"thumbnailUrl":"https:\/\/www.monteneroutensili.com\/wp-content\/uploads\/2021\/08\/News-utensili-2.jpg","articleSection":["In evidenza","Sin categorizar"],"inLanguage":"es","potentialAction":[{"@type":"CommentAction","name":"Comment","target":["https:\/\/www.monteneroutensili.com\/es\/2021\/08\/01\/novedad-herramientas-para-paneles-aglomerados\/#respond"]}]},{"@type":"WebPage","@id":"https:\/\/www.monteneroutensili.com\/es\/2021\/08\/01\/novedad-herramientas-para-paneles-aglomerados\/","url":"https:\/\/www.monteneroutensili.com\/es\/2021\/08\/01\/novedad-herramientas-para-paneles-aglomerados\/","name":"Novedad: herramientas para paneles aglomerados - Montenero","isPartOf":{"@id":"https:\/\/www.monteneroutensili.com\/es\/#website"},"primaryImageOfPage":{"@id":"https:\/\/www.monteneroutensili.com\/es\/2021\/08\/01\/novedad-herramientas-para-paneles-aglomerados\/#primaryimage"},"image":{"@id":"https:\/\/www.monteneroutensili.com\/es\/2021\/08\/01\/novedad-herramientas-para-paneles-aglomerados\/#primaryimage"},"thumbnailUrl":"https:\/\/www.monteneroutensili.com\/wp-content\/uploads\/2021\/08\/News-utensili-2.jpg","datePublished":"2021-08-01T13:18:55+00:00","dateModified":"2025-07-02T14:24:48+00:00","breadcrumb":{"@id":"https:\/\/www.monteneroutensili.com\/es\/2021\/08\/01\/novedad-herramientas-para-paneles-aglomerados\/#breadcrumb"},"inLanguage":"es","potentialAction":[{"@type":"ReadAction","target":["https:\/\/www.monteneroutensili.com\/es\/2021\/08\/01\/novedad-herramientas-para-paneles-aglomerados\/"]}]},{"@type":"ImageObject","inLanguage":"es","@id":"https:\/\/www.monteneroutensili.com\/es\/2021\/08\/01\/novedad-herramientas-para-paneles-aglomerados\/#primaryimage","url":"https:\/\/www.monteneroutensili.com\/wp-content\/uploads\/2021\/08\/News-utensili-2.jpg","contentUrl":"https:\/\/www.monteneroutensili.com\/wp-content\/uploads\/2021\/08\/News-utensili-2.jpg","width":800,"height":600},{"@type":"BreadcrumbList","@id":"https:\/\/www.monteneroutensili.com\/es\/2021\/08\/01\/novedad-herramientas-para-paneles-aglomerados\/#breadcrumb","itemListElement":[{"@type":"ListItem","position":1,"name":"Home","item":"https:\/\/www.monteneroutensili.com\/es\/"},{"@type":"ListItem","position":2,"name":"Novedad: herramientas para paneles aglomerados"}]},{"@type":"WebSite","@id":"https:\/\/www.monteneroutensili.com\/es\/#website","url":"https:\/\/www.monteneroutensili.com\/es\/","name":"Montenero","description":"Woodworking tools","publisher":{"@id":"https:\/\/www.monteneroutensili.com\/es\/#organization"},"potentialAction":[{"@type":"SearchAction","target":{"@type":"EntryPoint","urlTemplate":"https:\/\/www.monteneroutensili.com\/es\/?s={search_term_string}"},"query-input":{"@type":"PropertyValueSpecification","valueRequired":true,"valueName":"search_term_string"}}],"inLanguage":"es"},{"@type":"Organization","@id":"https:\/\/www.monteneroutensili.com\/es\/#organization","name":"Montenero","url":"https:\/\/www.monteneroutensili.com\/es\/","logo":{"@type":"ImageObject","inLanguage":"es","@id":"https:\/\/www.monteneroutensili.com\/es\/#\/schema\/logo\/image\/","url":"https:\/\/www.monteneroutensili.com\/wp-content\/uploads\/2021\/04\/logo_montenero_white.svg","contentUrl":"https:\/\/www.monteneroutensili.com\/wp-content\/uploads\/2021\/04\/logo_montenero_white.svg","caption":"Montenero"},"image":{"@id":"https:\/\/www.monteneroutensili.com\/es\/#\/schema\/logo\/image\/"}},{"@type":"Person","@id":"https:\/\/www.monteneroutensili.com\/es\/#\/schema\/person\/a8ef714031d83c2071492e52eab136b5","name":"Andrea Pascottini","image":{"@type":"ImageObject","inLanguage":"es","@id":"https:\/\/www.monteneroutensili.com\/es\/#\/schema\/person\/image\/","url":"https:\/\/secure.gravatar.com\/avatar\/93fcb295254da0efca6ce69ed0588c49fdba9f5d7e889cb1f3c30d96d029b89d?s=96&d=mm&r=g","contentUrl":"https:\/\/secure.gravatar.com\/avatar\/93fcb295254da0efca6ce69ed0588c49fdba9f5d7e889cb1f3c30d96d029b89d?s=96&d=mm&r=g","caption":"Andrea Pascottini"},"url":"https:\/\/www.monteneroutensili.com\/es\/author\/aipem25\/"}]}},"_links":{"self":[{"href":"https:\/\/www.monteneroutensili.com\/es\/wp-json\/wp\/v2\/posts\/5546","targetHints":{"allow":["GET"]}}],"collection":[{"href":"https:\/\/www.monteneroutensili.com\/es\/wp-json\/wp\/v2\/posts"}],"about":[{"href":"https:\/\/www.monteneroutensili.com\/es\/wp-json\/wp\/v2\/types\/post"}],"author":[{"embeddable":true,"href":"https:\/\/www.monteneroutensili.com\/es\/wp-json\/wp\/v2\/users\/4"}],"replies":[{"embeddable":true,"href":"https:\/\/www.monteneroutensili.com\/es\/wp-json\/wp\/v2\/comments?post=5546"}],"version-history":[{"count":19,"href":"https:\/\/www.monteneroutensili.com\/es\/wp-json\/wp\/v2\/posts\/5546\/revisions"}],"predecessor-version":[{"id":12689,"href":"https:\/\/www.monteneroutensili.com\/es\/wp-json\/wp\/v2\/posts\/5546\/revisions\/12689"}],"wp:featuredmedia":[{"embeddable":true,"href":"https:\/\/www.monteneroutensili.com\/es\/wp-json\/wp\/v2\/media\/5671"}],"wp:attachment":[{"href":"https:\/\/www.monteneroutensili.com\/es\/wp-json\/wp\/v2\/media?parent=5546"}],"wp:term":[{"taxonomy":"category","embeddable":true,"href":"https:\/\/www.monteneroutensili.com\/es\/wp-json\/wp\/v2\/categories?post=5546"},{"taxonomy":"post_tag","embeddable":true,"href":"https:\/\/www.monteneroutensili.com\/es\/wp-json\/wp\/v2\/tags?post=5546"}],"curies":[{"name":"wp","href":"https:\/\/api.w.org\/{rel}","templated":true}]}}