{"id":12788,"date":"2022-09-23T17:52:51","date_gmt":"2022-09-23T15:52:51","guid":{"rendered":"https:\/\/www.monteneroutensili.com\/2022\/09\/23\/attestato-di-riconoscimento-pmg\/"},"modified":"2025-07-03T14:55:32","modified_gmt":"2025-07-03T12:55:32","slug":"attestato-di-riconoscimento-pmg","status":"publish","type":"post","link":"https:\/\/www.monteneroutensili.com\/de\/2022\/09\/23\/attestato-di-riconoscimento-pmg\/","title":{"rendered":"ATTESTATO DI RICONOSCIMENTO PMG"},"content":{"rendered":"\t\t<div data-elementor-type=\"wp-post\" data-elementor-id=\"12788\" class=\"elementor elementor-12788 elementor-6973\" data-elementor-post-type=\"post\">\n\t\t\t\t\t\t<section class=\"elementor-section elementor-top-section elementor-element elementor-element-d593efd elementor-section-boxed elementor-section-height-default elementor-section-height-default\" data-id=\"d593efd\" data-element_type=\"section\">\n\t\t\t\t\t\t<div class=\"elementor-container elementor-column-gap-default\">\n\t\t\t\t\t<div class=\"elementor-column elementor-col-50 elementor-top-column elementor-element elementor-element-5dfa032\" data-id=\"5dfa032\" data-element_type=\"column\">\n\t\t\t<div class=\"elementor-widget-wrap elementor-element-populated\">\n\t\t\t\t\t\t<div class=\"elementor-element elementor-element-0858cc0 elementor-widget elementor-widget-image\" data-id=\"0858cc0\" data-element_type=\"widget\" data-widget_type=\"image.default\">\n\t\t\t\t<div class=\"elementor-widget-container\">\n\t\t\t\t\t\t\t\t\t\t\t\t\t\t\t<img fetchpriority=\"high\" decoding=\"async\" width=\"768\" height=\"1132\" src=\"https:\/\/www.monteneroutensili.com\/wp-content\/uploads\/2022\/10\/ATTESTATO-PMG-768x1132.jpg\" class=\"attachment-medium_large size-medium_large wp-image-6986\" alt=\"\" srcset=\"https:\/\/www.monteneroutensili.com\/wp-content\/uploads\/2022\/10\/ATTESTATO-PMG-768x1132.jpg 768w, https:\/\/www.monteneroutensili.com\/wp-content\/uploads\/2022\/10\/ATTESTATO-PMG-203x300.jpg 203w, https:\/\/www.monteneroutensili.com\/wp-content\/uploads\/2022\/10\/ATTESTATO-PMG-695x1024.jpg 695w, https:\/\/www.monteneroutensili.com\/wp-content\/uploads\/2022\/10\/ATTESTATO-PMG-1042x1536.jpg 1042w, https:\/\/www.monteneroutensili.com\/wp-content\/uploads\/2022\/10\/ATTESTATO-PMG-1389x2048.jpg 1389w, https:\/\/www.monteneroutensili.com\/wp-content\/uploads\/2022\/10\/ATTESTATO-PMG.jpg 1575w\" sizes=\"(max-width: 768px) 100vw, 768px\" \/>\t\t\t\t\t\t\t\t\t\t\t\t\t\t\t<\/div>\n\t\t\t\t<\/div>\n\t\t\t\t\t<\/div>\n\t\t<\/div>\n\t\t\t\t<div class=\"elementor-column elementor-col-50 elementor-top-column elementor-element elementor-element-1c3acc6\" data-id=\"1c3acc6\" data-element_type=\"column\">\n\t\t\t<div class=\"elementor-widget-wrap elementor-element-populated\">\n\t\t\t\t\t\t<div class=\"elementor-element elementor-element-ecf8a9f elementor-widget elementor-widget-text-editor\" data-id=\"ecf8a9f\" data-element_type=\"widget\" data-widget_type=\"text-editor.default\">\n\t\t\t\t<div class=\"elementor-widget-container\">\n\t\t\t\t\t\t\t\t\t<p>Dank 31 Unternehmen aus der Region war es m\u00f6glich, dem kommunalen Sozialdienst ein neues ausgestattetes Fahrzeug zur Verf\u00fcgung zu stellen, das von der Firma PMG &#8211; Italia Spa mit Sitz in Bozen geliefert wurde.<br \/>Dank der Sensibilit\u00e4t und des wirtschaftlichen Beitrags der H\u00e4ndler und Unternehmer des Gebiets und der T\u00e4tigkeit von PMG Italia spa konnte das Projekt, das im Jahr 2017 die Bef\u00f6rderung zahlreicher Nutzer in Schwierigkeiten gew\u00e4hrleistet hat, f\u00fcr weitere zwei Jahre verwirklicht werden.<\/p>\n\t\t\t\t\t\t\t\t<\/div>\n\t\t\t\t<\/div>\n\t\t\t\t\t<\/div>\n\t\t<\/div>\n\t\t\t\t\t<\/div>\n\t\t<\/section>\n\t\t\t\t<section class=\"elementor-section elementor-top-section elementor-element elementor-element-4281599 elementor-section-boxed elementor-section-height-default elementor-section-height-default\" data-id=\"4281599\" data-element_type=\"section\">\n\t\t\t\t\t\t<div class=\"elementor-container elementor-column-gap-default\">\n\t\t\t\t\t<div class=\"elementor-column elementor-col-50 elementor-top-column elementor-element elementor-element-124d8d7\" data-id=\"124d8d7\" data-element_type=\"column\">\n\t\t\t<div class=\"elementor-widget-wrap elementor-element-populated\">\n\t\t\t\t\t\t<div class=\"elementor-element elementor-element-83955f8 elementor-widget elementor-widget-image\" data-id=\"83955f8\" data-element_type=\"widget\" data-widget_type=\"image.default\">\n\t\t\t\t<div class=\"elementor-widget-container\">\n\t\t\t\t\t\t\t\t\t\t\t\t\t\t\t<img decoding=\"async\" width=\"800\" height=\"600\" src=\"https:\/\/www.monteneroutensili.com\/wp-content\/uploads\/2022\/10\/TAGLIO-NASTRO-1024x768.jpg\" class=\"attachment-large size-large wp-image-7005\" alt=\"\" srcset=\"https:\/\/www.monteneroutensili.com\/wp-content\/uploads\/2022\/10\/TAGLIO-NASTRO-1024x768.jpg 1024w, https:\/\/www.monteneroutensili.com\/wp-content\/uploads\/2022\/10\/TAGLIO-NASTRO-300x225.jpg 300w, https:\/\/www.monteneroutensili.com\/wp-content\/uploads\/2022\/10\/TAGLIO-NASTRO-768x576.jpg 768w, https:\/\/www.monteneroutensili.com\/wp-content\/uploads\/2022\/10\/TAGLIO-NASTRO-1536x1152.jpg 1536w, https:\/\/www.monteneroutensili.com\/wp-content\/uploads\/2022\/10\/TAGLIO-NASTRO-2048x1536.jpg 2048w\" sizes=\"(max-width: 800px) 100vw, 800px\" \/>\t\t\t\t\t\t\t\t\t\t\t\t\t\t\t<\/div>\n\t\t\t\t<\/div>\n\t\t\t\t\t<\/div>\n\t\t<\/div>\n\t\t\t\t<div class=\"elementor-column elementor-col-50 elementor-top-column elementor-element elementor-element-6569a36\" data-id=\"6569a36\" data-element_type=\"column\">\n\t\t\t<div class=\"elementor-widget-wrap elementor-element-populated\">\n\t\t\t\t\t\t<div class=\"elementor-element elementor-element-84e7a4c elementor-widget elementor-widget-image\" data-id=\"84e7a4c\" data-element_type=\"widget\" data-widget_type=\"image.default\">\n\t\t\t\t<div class=\"elementor-widget-container\">\n\t\t\t\t\t\t\t\t\t\t\t\t\t\t\t<img decoding=\"async\" width=\"800\" height=\"600\" src=\"https:\/\/www.monteneroutensili.com\/wp-content\/uploads\/2022\/10\/FOTO-GRUPPO-1024x768.jpg\" class=\"attachment-large size-large wp-image-7009\" alt=\"\" srcset=\"https:\/\/www.monteneroutensili.com\/wp-content\/uploads\/2022\/10\/FOTO-GRUPPO-1024x768.jpg 1024w, https:\/\/www.monteneroutensili.com\/wp-content\/uploads\/2022\/10\/FOTO-GRUPPO-300x225.jpg 300w, https:\/\/www.monteneroutensili.com\/wp-content\/uploads\/2022\/10\/FOTO-GRUPPO-768x576.jpg 768w, https:\/\/www.monteneroutensili.com\/wp-content\/uploads\/2022\/10\/FOTO-GRUPPO-1536x1152.jpg 1536w, https:\/\/www.monteneroutensili.com\/wp-content\/uploads\/2022\/10\/FOTO-GRUPPO-2048x1536.jpg 2048w\" sizes=\"(max-width: 800px) 100vw, 800px\" \/>\t\t\t\t\t\t\t\t\t\t\t\t\t\t\t<\/div>\n\t\t\t\t<\/div>\n\t\t\t\t\t<\/div>\n\t\t<\/div>\n\t\t\t\t\t<\/div>\n\t\t<\/section>\n\t\t\t\t<\/div>\n\t\t","protected":false},"excerpt":{"rendered":"<p>Dank 31 Unternehmen aus der Region war es m\u00f6glich, dem kommunalen Sozialdienst ein neues ausgestattetes Fahrzeug zur Verf\u00fcgung zu stellen, das von der Firma PMG &#8211; Italia Spa mit Sitz in Bozen geliefert wurde.Dank der Sensibilit\u00e4t und des wirtschaftlichen Beitrags der H\u00e4ndler und Unternehmer des Gebiets und der T\u00e4tigkeit von PMG Italia spa konnte das [&hellip;]<\/p>\n","protected":false},"author":2,"featured_media":7120,"comment_status":"open","ping_status":"closed","sticky":false,"template":"","format":"standard","meta":{"_acf_changed":false,"footnotes":""},"categories":[63,19],"tags":[],"class_list":["post-12788","post","type-post","status-publish","format-standard","has-post-thumbnail","hentry","category-eventi-de","category-unkategorisiert"],"acf":[],"yoast_head":"<!-- This site is optimized with the Yoast SEO plugin v25.2 - https:\/\/yoast.com\/wordpress\/plugins\/seo\/ -->\n<title>ATTESTATO DI RICONOSCIMENTO PMG - Montenero<\/title>\n<meta name=\"robots\" content=\"index, follow, max-snippet:-1, max-image-preview:large, max-video-preview:-1\" \/>\n<link rel=\"canonical\" href=\"https:\/\/www.monteneroutensili.com\/de\/2022\/09\/23\/attestato-di-riconoscimento-pmg\/\" \/>\n<meta property=\"og:locale\" content=\"de_DE\" \/>\n<meta property=\"og:type\" content=\"article\" \/>\n<meta property=\"og:title\" content=\"ATTESTATO DI RICONOSCIMENTO PMG - Montenero\" \/>\n<meta property=\"og:description\" content=\"Dank 31 Unternehmen aus der Region war es m\u00f6glich, dem kommunalen Sozialdienst ein neues ausgestattetes Fahrzeug zur Verf\u00fcgung zu stellen, das von der Firma PMG &#8211; Italia Spa mit Sitz in Bozen geliefert wurde.Dank der Sensibilit\u00e4t und des wirtschaftlichen Beitrags der H\u00e4ndler und Unternehmer des Gebiets und der T\u00e4tigkeit von PMG Italia spa konnte das [&hellip;]\" \/>\n<meta property=\"og:url\" content=\"https:\/\/www.monteneroutensili.com\/de\/2022\/09\/23\/attestato-di-riconoscimento-pmg\/\" \/>\n<meta property=\"og:site_name\" content=\"Montenero\" \/>\n<meta property=\"article:published_time\" content=\"2022-09-23T15:52:51+00:00\" \/>\n<meta property=\"article:modified_time\" content=\"2025-07-03T12:55:32+00:00\" \/>\n<meta property=\"og:image\" content=\"https:\/\/www.monteneroutensili.com\/wp-content\/uploads\/2022\/09\/ATTESTATO-PMG-primo.jpg\" \/>\n\t<meta property=\"og:image:width\" content=\"800\" \/>\n\t<meta property=\"og:image:height\" content=\"600\" \/>\n\t<meta property=\"og:image:type\" content=\"image\/jpeg\" \/>\n<meta name=\"author\" content=\"Montenero\" \/>\n<meta name=\"twitter:card\" content=\"summary_large_image\" \/>\n<meta name=\"twitter:label1\" content=\"Verfasst von\" \/>\n\t<meta name=\"twitter:data1\" content=\"Montenero\" \/>\n\t<meta name=\"twitter:label2\" content=\"Gesch\u00e4tzte Lesezeit\" \/>\n\t<meta name=\"twitter:data2\" content=\"2\u00a0Minuten\" \/>\n<script type=\"application\/ld+json\" class=\"yoast-schema-graph\">{\"@context\":\"https:\/\/schema.org\",\"@graph\":[{\"@type\":\"Article\",\"@id\":\"https:\/\/www.monteneroutensili.com\/de\/2022\/09\/23\/attestato-di-riconoscimento-pmg\/#article\",\"isPartOf\":{\"@id\":\"https:\/\/www.monteneroutensili.com\/de\/2022\/09\/23\/attestato-di-riconoscimento-pmg\/\"},\"author\":{\"name\":\"Montenero\",\"@id\":\"https:\/\/www.monteneroutensili.com\/de\/#\/schema\/person\/609cfa8e473c0565bc19f22795c0921b\"},\"headline\":\"ATTESTATO DI RICONOSCIMENTO PMG\",\"datePublished\":\"2022-09-23T15:52:51+00:00\",\"dateModified\":\"2025-07-03T12:55:32+00:00\",\"mainEntityOfPage\":{\"@id\":\"https:\/\/www.monteneroutensili.com\/de\/2022\/09\/23\/attestato-di-riconoscimento-pmg\/\"},\"wordCount\":85,\"commentCount\":0,\"publisher\":{\"@id\":\"https:\/\/www.monteneroutensili.com\/de\/#organization\"},\"image\":{\"@id\":\"https:\/\/www.monteneroutensili.com\/de\/2022\/09\/23\/attestato-di-riconoscimento-pmg\/#primaryimage\"},\"thumbnailUrl\":\"https:\/\/www.monteneroutensili.com\/wp-content\/uploads\/2022\/09\/ATTESTATO-PMG-primo.jpg\",\"articleSection\":[\"Eventi\",\"Unkategorisiert\"],\"inLanguage\":\"de\",\"potentialAction\":[{\"@type\":\"CommentAction\",\"name\":\"Comment\",\"target\":[\"https:\/\/www.monteneroutensili.com\/de\/2022\/09\/23\/attestato-di-riconoscimento-pmg\/#respond\"]}]},{\"@type\":\"WebPage\",\"@id\":\"https:\/\/www.monteneroutensili.com\/de\/2022\/09\/23\/attestato-di-riconoscimento-pmg\/\",\"url\":\"https:\/\/www.monteneroutensili.com\/de\/2022\/09\/23\/attestato-di-riconoscimento-pmg\/\",\"name\":\"ATTESTATO DI RICONOSCIMENTO PMG - Montenero\",\"isPartOf\":{\"@id\":\"https:\/\/www.monteneroutensili.com\/de\/#website\"},\"primaryImageOfPage\":{\"@id\":\"https:\/\/www.monteneroutensili.com\/de\/2022\/09\/23\/attestato-di-riconoscimento-pmg\/#primaryimage\"},\"image\":{\"@id\":\"https:\/\/www.monteneroutensili.com\/de\/2022\/09\/23\/attestato-di-riconoscimento-pmg\/#primaryimage\"},\"thumbnailUrl\":\"https:\/\/www.monteneroutensili.com\/wp-content\/uploads\/2022\/09\/ATTESTATO-PMG-primo.jpg\",\"datePublished\":\"2022-09-23T15:52:51+00:00\",\"dateModified\":\"2025-07-03T12:55:32+00:00\",\"breadcrumb\":{\"@id\":\"https:\/\/www.monteneroutensili.com\/de\/2022\/09\/23\/attestato-di-riconoscimento-pmg\/#breadcrumb\"},\"inLanguage\":\"de\",\"potentialAction\":[{\"@type\":\"ReadAction\",\"target\":[\"https:\/\/www.monteneroutensili.com\/de\/2022\/09\/23\/attestato-di-riconoscimento-pmg\/\"]}]},{\"@type\":\"ImageObject\",\"inLanguage\":\"de\",\"@id\":\"https:\/\/www.monteneroutensili.com\/de\/2022\/09\/23\/attestato-di-riconoscimento-pmg\/#primaryimage\",\"url\":\"https:\/\/www.monteneroutensili.com\/wp-content\/uploads\/2022\/09\/ATTESTATO-PMG-primo.jpg\",\"contentUrl\":\"https:\/\/www.monteneroutensili.com\/wp-content\/uploads\/2022\/09\/ATTESTATO-PMG-primo.jpg\",\"width\":800,\"height\":600},{\"@type\":\"BreadcrumbList\",\"@id\":\"https:\/\/www.monteneroutensili.com\/de\/2022\/09\/23\/attestato-di-riconoscimento-pmg\/#breadcrumb\",\"itemListElement\":[{\"@type\":\"ListItem\",\"position\":1,\"name\":\"Home\",\"item\":\"https:\/\/www.monteneroutensili.com\/de\/\"},{\"@type\":\"ListItem\",\"position\":2,\"name\":\"ATTESTATO DI RICONOSCIMENTO PMG\"}]},{\"@type\":\"WebSite\",\"@id\":\"https:\/\/www.monteneroutensili.com\/de\/#website\",\"url\":\"https:\/\/www.monteneroutensili.com\/de\/\",\"name\":\"Montenero\",\"description\":\"Woodworking tools\",\"publisher\":{\"@id\":\"https:\/\/www.monteneroutensili.com\/de\/#organization\"},\"potentialAction\":[{\"@type\":\"SearchAction\",\"target\":{\"@type\":\"EntryPoint\",\"urlTemplate\":\"https:\/\/www.monteneroutensili.com\/de\/?s={search_term_string}\"},\"query-input\":{\"@type\":\"PropertyValueSpecification\",\"valueRequired\":true,\"valueName\":\"search_term_string\"}}],\"inLanguage\":\"de\"},{\"@type\":\"Organization\",\"@id\":\"https:\/\/www.monteneroutensili.com\/de\/#organization\",\"name\":\"Montenero\",\"url\":\"https:\/\/www.monteneroutensili.com\/de\/\",\"logo\":{\"@type\":\"ImageObject\",\"inLanguage\":\"de\",\"@id\":\"https:\/\/www.monteneroutensili.com\/de\/#\/schema\/logo\/image\/\",\"url\":\"https:\/\/www.monteneroutensili.com\/wp-content\/uploads\/2021\/04\/logo_montenero_white.svg\",\"contentUrl\":\"https:\/\/www.monteneroutensili.com\/wp-content\/uploads\/2021\/04\/logo_montenero_white.svg\",\"caption\":\"Montenero\"},\"image\":{\"@id\":\"https:\/\/www.monteneroutensili.com\/de\/#\/schema\/logo\/image\/\"}},{\"@type\":\"Person\",\"@id\":\"https:\/\/www.monteneroutensili.com\/de\/#\/schema\/person\/609cfa8e473c0565bc19f22795c0921b\",\"name\":\"Montenero\",\"image\":{\"@type\":\"ImageObject\",\"inLanguage\":\"de\",\"@id\":\"https:\/\/www.monteneroutensili.com\/de\/#\/schema\/person\/image\/\",\"url\":\"https:\/\/secure.gravatar.com\/avatar\/c154b39230be16e32a8454c001c8796e91d66d1013a4dbb630521516c906a505?s=96&d=mm&r=g\",\"contentUrl\":\"https:\/\/secure.gravatar.com\/avatar\/c154b39230be16e32a8454c001c8796e91d66d1013a4dbb630521516c906a505?s=96&d=mm&r=g\",\"caption\":\"Montenero\"},\"url\":\"https:\/\/www.monteneroutensili.com\/de\/author\/montenero\/\"}]}<\/script>\n<!-- \/ Yoast SEO plugin. -->","yoast_head_json":{"title":"ATTESTATO DI RICONOSCIMENTO PMG - Montenero","robots":{"index":"index","follow":"follow","max-snippet":"max-snippet:-1","max-image-preview":"max-image-preview:large","max-video-preview":"max-video-preview:-1"},"canonical":"https:\/\/www.monteneroutensili.com\/de\/2022\/09\/23\/attestato-di-riconoscimento-pmg\/","og_locale":"de_DE","og_type":"article","og_title":"ATTESTATO DI RICONOSCIMENTO PMG - Montenero","og_description":"Dank 31 Unternehmen aus der Region war es m\u00f6glich, dem kommunalen Sozialdienst ein neues ausgestattetes Fahrzeug zur Verf\u00fcgung zu stellen, das von der Firma PMG &#8211; Italia Spa mit Sitz in Bozen geliefert wurde.Dank der Sensibilit\u00e4t und des wirtschaftlichen Beitrags der H\u00e4ndler und Unternehmer des Gebiets und der T\u00e4tigkeit von PMG Italia spa konnte das [&hellip;]","og_url":"https:\/\/www.monteneroutensili.com\/de\/2022\/09\/23\/attestato-di-riconoscimento-pmg\/","og_site_name":"Montenero","article_published_time":"2022-09-23T15:52:51+00:00","article_modified_time":"2025-07-03T12:55:32+00:00","og_image":[{"width":800,"height":600,"url":"https:\/\/www.monteneroutensili.com\/wp-content\/uploads\/2022\/09\/ATTESTATO-PMG-primo.jpg","type":"image\/jpeg"}],"author":"Montenero","twitter_card":"summary_large_image","twitter_misc":{"Verfasst von":"Montenero","Gesch\u00e4tzte Lesezeit":"2\u00a0Minuten"},"schema":{"@context":"https:\/\/schema.org","@graph":[{"@type":"Article","@id":"https:\/\/www.monteneroutensili.com\/de\/2022\/09\/23\/attestato-di-riconoscimento-pmg\/#article","isPartOf":{"@id":"https:\/\/www.monteneroutensili.com\/de\/2022\/09\/23\/attestato-di-riconoscimento-pmg\/"},"author":{"name":"Montenero","@id":"https:\/\/www.monteneroutensili.com\/de\/#\/schema\/person\/609cfa8e473c0565bc19f22795c0921b"},"headline":"ATTESTATO DI RICONOSCIMENTO PMG","datePublished":"2022-09-23T15:52:51+00:00","dateModified":"2025-07-03T12:55:32+00:00","mainEntityOfPage":{"@id":"https:\/\/www.monteneroutensili.com\/de\/2022\/09\/23\/attestato-di-riconoscimento-pmg\/"},"wordCount":85,"commentCount":0,"publisher":{"@id":"https:\/\/www.monteneroutensili.com\/de\/#organization"},"image":{"@id":"https:\/\/www.monteneroutensili.com\/de\/2022\/09\/23\/attestato-di-riconoscimento-pmg\/#primaryimage"},"thumbnailUrl":"https:\/\/www.monteneroutensili.com\/wp-content\/uploads\/2022\/09\/ATTESTATO-PMG-primo.jpg","articleSection":["Eventi","Unkategorisiert"],"inLanguage":"de","potentialAction":[{"@type":"CommentAction","name":"Comment","target":["https:\/\/www.monteneroutensili.com\/de\/2022\/09\/23\/attestato-di-riconoscimento-pmg\/#respond"]}]},{"@type":"WebPage","@id":"https:\/\/www.monteneroutensili.com\/de\/2022\/09\/23\/attestato-di-riconoscimento-pmg\/","url":"https:\/\/www.monteneroutensili.com\/de\/2022\/09\/23\/attestato-di-riconoscimento-pmg\/","name":"ATTESTATO DI RICONOSCIMENTO PMG - Montenero","isPartOf":{"@id":"https:\/\/www.monteneroutensili.com\/de\/#website"},"primaryImageOfPage":{"@id":"https:\/\/www.monteneroutensili.com\/de\/2022\/09\/23\/attestato-di-riconoscimento-pmg\/#primaryimage"},"image":{"@id":"https:\/\/www.monteneroutensili.com\/de\/2022\/09\/23\/attestato-di-riconoscimento-pmg\/#primaryimage"},"thumbnailUrl":"https:\/\/www.monteneroutensili.com\/wp-content\/uploads\/2022\/09\/ATTESTATO-PMG-primo.jpg","datePublished":"2022-09-23T15:52:51+00:00","dateModified":"2025-07-03T12:55:32+00:00","breadcrumb":{"@id":"https:\/\/www.monteneroutensili.com\/de\/2022\/09\/23\/attestato-di-riconoscimento-pmg\/#breadcrumb"},"inLanguage":"de","potentialAction":[{"@type":"ReadAction","target":["https:\/\/www.monteneroutensili.com\/de\/2022\/09\/23\/attestato-di-riconoscimento-pmg\/"]}]},{"@type":"ImageObject","inLanguage":"de","@id":"https:\/\/www.monteneroutensili.com\/de\/2022\/09\/23\/attestato-di-riconoscimento-pmg\/#primaryimage","url":"https:\/\/www.monteneroutensili.com\/wp-content\/uploads\/2022\/09\/ATTESTATO-PMG-primo.jpg","contentUrl":"https:\/\/www.monteneroutensili.com\/wp-content\/uploads\/2022\/09\/ATTESTATO-PMG-primo.jpg","width":800,"height":600},{"@type":"BreadcrumbList","@id":"https:\/\/www.monteneroutensili.com\/de\/2022\/09\/23\/attestato-di-riconoscimento-pmg\/#breadcrumb","itemListElement":[{"@type":"ListItem","position":1,"name":"Home","item":"https:\/\/www.monteneroutensili.com\/de\/"},{"@type":"ListItem","position":2,"name":"ATTESTATO DI RICONOSCIMENTO PMG"}]},{"@type":"WebSite","@id":"https:\/\/www.monteneroutensili.com\/de\/#website","url":"https:\/\/www.monteneroutensili.com\/de\/","name":"Montenero","description":"Woodworking tools","publisher":{"@id":"https:\/\/www.monteneroutensili.com\/de\/#organization"},"potentialAction":[{"@type":"SearchAction","target":{"@type":"EntryPoint","urlTemplate":"https:\/\/www.monteneroutensili.com\/de\/?s={search_term_string}"},"query-input":{"@type":"PropertyValueSpecification","valueRequired":true,"valueName":"search_term_string"}}],"inLanguage":"de"},{"@type":"Organization","@id":"https:\/\/www.monteneroutensili.com\/de\/#organization","name":"Montenero","url":"https:\/\/www.monteneroutensili.com\/de\/","logo":{"@type":"ImageObject","inLanguage":"de","@id":"https:\/\/www.monteneroutensili.com\/de\/#\/schema\/logo\/image\/","url":"https:\/\/www.monteneroutensili.com\/wp-content\/uploads\/2021\/04\/logo_montenero_white.svg","contentUrl":"https:\/\/www.monteneroutensili.com\/wp-content\/uploads\/2021\/04\/logo_montenero_white.svg","caption":"Montenero"},"image":{"@id":"https:\/\/www.monteneroutensili.com\/de\/#\/schema\/logo\/image\/"}},{"@type":"Person","@id":"https:\/\/www.monteneroutensili.com\/de\/#\/schema\/person\/609cfa8e473c0565bc19f22795c0921b","name":"Montenero","image":{"@type":"ImageObject","inLanguage":"de","@id":"https:\/\/www.monteneroutensili.com\/de\/#\/schema\/person\/image\/","url":"https:\/\/secure.gravatar.com\/avatar\/c154b39230be16e32a8454c001c8796e91d66d1013a4dbb630521516c906a505?s=96&d=mm&r=g","contentUrl":"https:\/\/secure.gravatar.com\/avatar\/c154b39230be16e32a8454c001c8796e91d66d1013a4dbb630521516c906a505?s=96&d=mm&r=g","caption":"Montenero"},"url":"https:\/\/www.monteneroutensili.com\/de\/author\/montenero\/"}]}},"_links":{"self":[{"href":"https:\/\/www.monteneroutensili.com\/de\/wp-json\/wp\/v2\/posts\/12788","targetHints":{"allow":["GET"]}}],"collection":[{"href":"https:\/\/www.monteneroutensili.com\/de\/wp-json\/wp\/v2\/posts"}],"about":[{"href":"https:\/\/www.monteneroutensili.com\/de\/wp-json\/wp\/v2\/types\/post"}],"author":[{"embeddable":true,"href":"https:\/\/www.monteneroutensili.com\/de\/wp-json\/wp\/v2\/users\/2"}],"replies":[{"embeddable":true,"href":"https:\/\/www.monteneroutensili.com\/de\/wp-json\/wp\/v2\/comments?post=12788"}],"version-history":[{"count":2,"href":"https:\/\/www.monteneroutensili.com\/de\/wp-json\/wp\/v2\/posts\/12788\/revisions"}],"predecessor-version":[{"id":12799,"href":"https:\/\/www.monteneroutensili.com\/de\/wp-json\/wp\/v2\/posts\/12788\/revisions\/12799"}],"wp:featuredmedia":[{"embeddable":true,"href":"https:\/\/www.monteneroutensili.com\/de\/wp-json\/wp\/v2\/media\/7120"}],"wp:attachment":[{"href":"https:\/\/www.monteneroutensili.com\/de\/wp-json\/wp\/v2\/media?parent=12788"}],"wp:term":[{"taxonomy":"category","embeddable":true,"href":"https:\/\/www.monteneroutensili.com\/de\/wp-json\/wp\/v2\/categories?post=12788"},{"taxonomy":"post_tag","embeddable":true,"href":"https:\/\/www.monteneroutensili.com\/de\/wp-json\/wp\/v2\/tags?post=12788"}],"curies":[{"name":"wp","href":"https:\/\/api.w.org\/{rel}","templated":true}]}}